{"id":1,"date":"2021-09-14T23:35:34","date_gmt":"2021-09-14T21:35:34","guid":{"rendered":"http:\/\/candidatscitoyens.fr\/?p=1"},"modified":"2021-09-15T22:14:17","modified_gmt":"2021-09-15T20:14:17","slug":"bonjour-tout-le-monde","status":"publish","type":"post","link":"https:\/\/candidatscitoyens.fr\/index.php\/2021\/09\/14\/bonjour-tout-le-monde\/","title":{"rendered":"La Primaire Populaire"},"content":{"rendered":"\n<p>Initiative citoyenne d&rsquo;envergure pour la pr\u00e9sidentielle de 2022, la <strong><a rel=\"noreferrer noopener\" href=\"http:\/\/primairepopulaire.fr\" data-type=\"URL\" data-id=\"primairepopulaire.fr\" target=\"_blank\">Primaire Populaire<\/a><\/strong> cherche \u00e0 \u00e9viter la disparition des sensibilit\u00e9s de gauche au second tour de l&rsquo;\u00e9lection pr\u00e9sidentielle par la d\u00e9signation d&rsquo;un candidat ou d&rsquo;une candidate unique pour l&rsquo;ensemble de la gauche. <\/p>\n\n\n\n<p>C&rsquo;est une initiative dans la continuit\u00e9 de la rencontre des justices et de 2022 ou jamais. <\/p>\n\n\n\n<figure class=\"wp-block-embed is-type-video is-provider-youtube wp-block-embed-youtube wp-embed-aspect-4-3 wp-has-aspect-ratio\"><div class=\"wp-block-embed__wrapper\">\n<iframe loading=\"lazy\" title=\"Rejoins le mouvement pour une Primaire Populaire et signe l&#039;Appel !\" width=\"640\" height=\"480\" src=\"https:\/\/www.youtube.com\/embed\/FTpEwDG5S4c?feature=oembed\" frameborder=\"0\" allow=\"accelerometer; autoplay; clipboard-write; encrypted-media; gyroscope; picture-in-picture\" allowfullscreen><\/iframe>\n<\/div><\/figure>\n\n\n\n<p>Face aux primaires de partis classiques, la primaire populaire propose les innovations suivantes :<\/p>\n\n\n\n<ul><li>Les candidats peuvent \u00eatre parrain\u00e9s par de simples citoyens afin d&rsquo;appara\u00eetre dans la liste finale qui sera constitu\u00e9e de 5 femmes et 5 hommes.<\/li><li>Le mode de scrutin pour le vote final est le jugement majoritaire. Il s&rsquo;agit d&rsquo;accorder des mentions \u00e0 l&rsquo;ensemble des candidats, avec une \u00e9chelle allant de \u00ab\u00a0\u00e0 Rejeter\u00a0\u00bb \u00e0 \u00ab\u00a0Excellent\u00a0\u00bb.  <\/li><\/ul>\n\n\n\n<div class=\"wp-block-columns\">\n<div class=\"wp-block-column\">\n<div class=\"wp-block-image\"><figure class=\"aligncenter size-full\"><img loading=\"lazy\" width=\"500\" height=\"466\" src=\"https:\/\/candidatscitoyens.fr\/wp-content\/uploads\/2021\/09\/candidats.jpg\" alt=\"\" class=\"wp-image-31\" srcset=\"https:\/\/candidatscitoyens.fr\/wp-content\/uploads\/2021\/09\/candidats.jpg 500w, https:\/\/candidatscitoyens.fr\/wp-content\/uploads\/2021\/09\/candidats-300x280.jpg 300w\" sizes=\"(max-width: 500px) 100vw, 500px\" \/><figcaption>Une fois qu&rsquo;une candidatures a re\u00e7u 500 parrainages citoyens, elle apparait pour r\u00e9colter de nouveau suffisamment de parrainages afin d&rsquo;\u00eatre dans les 5 premiers hommes ou 5 premi\u00e8res femmes le 11 octobre<\/figcaption><\/figure><\/div>\n<\/div>\n\n\n\n<div class=\"wp-block-column\">\n<p>De nombreux Candidats citoyens sont int\u00e9ress\u00e9s pour participer \u00e0 cette primaire afin de diversifier les profils et donner une voix \u00e0 la soci\u00e9t\u00e9 civile. Vous pouvez d\u00e9j\u00e0 en d\u00e9couvrir certains ici :<\/p>\n\n\n\n<ul><li>Charlotte Marchandise<\/li><li>Anna Agueb Porterie<\/li><li>Fr\u00e9d\u00e9ric Amany<\/li><li>Brice Montagne <\/li><li><a href=\"https:\/\/candidatscitoyens.fr\/index.php\/2021\/09\/15\/pierre-schwarz-candidat-temporaire-pour-un-renouveau-democratique\/\" data-type=\"post\" data-id=\"20\">Pierre Schwarz<\/a><\/li><\/ul>\n\n\n\n<p>Vous pouvez aidez ceux qui vous semblent int\u00e9ressants en proposant leur nom <a href=\"https:\/\/www.parrainages-primairepopulaire.fr\/\" target=\"_blank\" rel=\"noreferrer noopener\">ici<\/a>  <\/p>\n\n\n\n<div class=\"wp-block-image\"><figure class=\"aligncenter size-full\"><a href=\"https:\/\/primairepopulaire.fr\/\" target=\"_blank\" rel=\"noopener\"><img loading=\"lazy\" width=\"225\" height=\"224\" src=\"https:\/\/candidatscitoyens.fr\/wp-content\/uploads\/2021\/09\/primaire_pop_pourquoi_signer.png\" alt=\"\" class=\"wp-image-32\" srcset=\"https:\/\/candidatscitoyens.fr\/wp-content\/uploads\/2021\/09\/primaire_pop_pourquoi_signer.png 225w, https:\/\/candidatscitoyens.fr\/wp-content\/uploads\/2021\/09\/primaire_pop_pourquoi_signer-150x150.png 150w\" sizes=\"(max-width: 225px) 100vw, 225px\" \/><\/a><\/figure><\/div>\n<\/div>\n<\/div>\n\n\n\n<p>Autre point important, les candidats doivent signer une charte les engageants \u00e0 soutenir un socle programmatique de 10 mesures social, \u00e9cologique et d\u00e9mocratique.<\/p>\n\n\n\n<p>Certains candidats tel que Sandrine Rousseau ou Pierre Larrouturou se sont d\u00e9j\u00e0 exprim\u00e9s pour leur participation \u00e0 cette primaire tandis que d&rsquo;autres ont fait savoir leur refus. La liste d\u00e9finitive devrait \u00eatre connu le 9 novembre et le vote final mi d\u00e9cembre. <\/p>\n\n\n\n<div class=\"wp-block-columns\">\n<div class=\"wp-block-column\">\n<figure class=\"wp-block-embed is-type-video is-provider-youtube wp-block-embed-youtube wp-embed-aspect-16-9 wp-has-aspect-ratio\"><div class=\"wp-block-embed__wrapper\">\n<iframe loading=\"lazy\" title=\"Seul on va plus vite. Ensemble on va \u00e0 l&#039;\u00c9lys\u00e9e. #PrimairePopulaire\" width=\"640\" height=\"360\" src=\"https:\/\/www.youtube.com\/embed\/aCj1fKBwqnQ?feature=oembed\" frameborder=\"0\" allow=\"accelerometer; autoplay; clipboard-write; encrypted-media; gyroscope; picture-in-picture\" allowfullscreen><\/iframe>\n<\/div><\/figure>\n<\/div>\n\n\n\n<div class=\"wp-block-column\">\n<figure class=\"wp-block-embed is-provider-youtube wp-block-embed-youtube\"><div class=\"wp-block-embed__wrapper\">\n<iframe loading=\"lazy\" title=\"Parrainons les candidats et candidates pour 2022 !\" width=\"640\" height=\"360\" src=\"https:\/\/www.youtube.com\/embed\/WPtKdONOBrI?feature=oembed\" frameborder=\"0\" allow=\"accelerometer; autoplay; clipboard-write; encrypted-media; gyroscope; picture-in-picture\" allowfullscreen><\/iframe>\n<\/div><\/figure>\n<\/div>\n<\/div>\n\n\n\n<h2>On en parle aussi ici<\/h2>\n\n\n\n<p><\/p>\n","protected":false},"excerpt":{"rendered":"<p>Initiative citoyenne d&rsquo;envergure pour la pr\u00e9sidentielle de 2022, la Primaire Populaire cherche \u00e0 \u00e9viter la disparition des sensibilit\u00e9s de gauche au second tour de l&rsquo;\u00e9lection pr\u00e9sidentielle par la d\u00e9signation d&rsquo;un candidat ou d&rsquo;une candidate unique pour l&rsquo;ensemble de la gauche. C&rsquo;est une initiative dans la continuit\u00e9 de la rencontre des [&hellip;]<\/p>\n","protected":false},"author":1,"featured_media":30,"comment_status":"open","ping_status":"open","sticky":false,"template":"","format":"standard","meta":[],"categories":[3,2,5,7],"tags":[21,15],"_links":{"self":[{"href":"https:\/\/candidatscitoyens.fr\/index.php\/wp-json\/wp\/v2\/posts\/1"}],"collection":[{"href":"https:\/\/candidatscitoyens.fr\/index.php\/wp-json\/wp\/v2\/posts"}],"about":[{"href":"https:\/\/candidatscitoyens.fr\/index.php\/wp-json\/wp\/v2\/types\/post"}],"author":[{"embeddable":true,"href":"https:\/\/candidatscitoyens.fr\/index.php\/wp-json\/wp\/v2\/users\/1"}],"replies":[{"embeddable":true,"href":"https:\/\/candidatscitoyens.fr\/index.php\/wp-json\/wp\/v2\/comments?post=1"}],"version-history":[{"count":4,"href":"https:\/\/candidatscitoyens.fr\/index.php\/wp-json\/wp\/v2\/posts\/1\/revisions"}],"predecessor-version":[{"id":59,"href":"https:\/\/candidatscitoyens.fr\/index.php\/wp-json\/wp\/v2\/posts\/1\/revisions\/59"}],"wp:featuredmedia":[{"embeddable":true,"href":"https:\/\/candidatscitoyens.fr\/index.php\/wp-json\/wp\/v2\/media\/30"}],"wp:attachment":[{"href":"https:\/\/candidatscitoyens.fr\/index.php\/wp-json\/wp\/v2\/media?parent=1"}],"wp:term":[{"taxonomy":"category","embeddable":true,"href":"https:\/\/candidatscitoyens.fr\/index.php\/wp-json\/wp\/v2\/categories?post=1"},{"taxonomy":"post_tag","embeddable":true,"href":"https:\/\/candidatscitoyens.fr\/index.php\/wp-json\/wp\/v2\/tags?post=1"}],"curies":[{"name":"wp","href":"https:\/\/api.w.org\/{rel}","templated":true}]}}